{"id":602,"date":"2017-06-29T10:20:36","date_gmt":"2017-06-29T09:20:36","guid":{"rendered":"http:\/\/www.iem.pw.edu.pl\/?p=602"},"modified":"2017-06-29T10:21:46","modified_gmt":"2017-06-29T09:21:46","slug":"nasz-instytut-w-mediach","status":"publish","type":"post","link":"http:\/\/www.iem.pw.edu.pl\/?p=602","title":{"rendered":"Nasz Instytut w mediach"},"content":{"rendered":"<p>W ostatnich tygodniach pojawi\u0142y si\u0119 wypowiedzi naszych pracownik\u00f3w w mediach. Na stronach agencji informacyjnej Newseria.pl na temat <a href=\"https:\/\/innowacje.newseria.pl\/news\/specjalisci-obalaja-mit,p156331019\">wy\u0142adowa\u0144 atmosferycznych<\/a> i <a href=\"https:\/\/innowacje.newseria.pl\/news\/politechnika-warszawska,p1875279697\">pomiaru zu\u017cycia energii elektrycznej nowoczesnymi licznikami elektronicznymi<\/a> wypowiedzia\u0142 si\u0119 dr in\u017c. Konrad Sobolewski.<br \/>\nKr\u00f3tkiego wywiadu dla Polskiego Radia na podobny temat pomiaru zu\u017cycia energii elektrycznej przez energooszcz\u0119dne urz\u0105dzenia udzieli\u0142 dr hab. Bartosz Sawicki.<\/p>\n","protected":false},"excerpt":{"rendered":"<p>W ostatnich tygodniach pojawi\u0142y si\u0119 wypowiedzi naszych pracownik\u00f3w w mediach. Na stronach agencji informacyjnej Newseria.pl na temat wy\u0142adowa\u0144 atmosferycznych i pomiaru zu\u017cycia energii elektrycznej nowoczesnymi licznikami elektronicznymi wypowiedzia\u0142 si\u0119 dr in\u017c. Konrad Sobolewski. Kr\u00f3tkiego wywiadu dla Polskiego Radia na podobny temat pomiaru zu\u017cycia energii elektrycznej przez energooszcz\u0119dne urz\u0105dzenia udzieli\u0142 dr hab. Bartosz Sawicki.<\/p>\n","protected":false},"author":4,"featured_media":0,"comment_status":"closed","ping_status":"closed","sticky":false,"template":"","format":"standard","meta":{"footnotes":""},"categories":[16],"tags":[],"class_list":["post-602","post","type-post","status-publish","format-standard","hentry","category-aktualnosci"],"_links":{"self":[{"href":"http:\/\/www.iem.pw.edu.pl\/index.php?rest_route=\/wp\/v2\/posts\/602","targetHints":{"allow":["GET"]}}],"collection":[{"href":"http:\/\/www.iem.pw.edu.pl\/index.php?rest_route=\/wp\/v2\/posts"}],"about":[{"href":"http:\/\/www.iem.pw.edu.pl\/index.php?rest_route=\/wp\/v2\/types\/post"}],"author":[{"embeddable":true,"href":"http:\/\/www.iem.pw.edu.pl\/index.php?rest_route=\/wp\/v2\/users\/4"}],"replies":[{"embeddable":true,"href":"http:\/\/www.iem.pw.edu.pl\/index.php?rest_route=%2Fwp%2Fv2%2Fcomments&post=602"}],"version-history":[{"count":3,"href":"http:\/\/www.iem.pw.edu.pl\/index.php?rest_route=\/wp\/v2\/posts\/602\/revisions"}],"predecessor-version":[{"id":605,"href":"http:\/\/www.iem.pw.edu.pl\/index.php?rest_route=\/wp\/v2\/posts\/602\/revisions\/605"}],"wp:attachment":[{"href":"http:\/\/www.iem.pw.edu.pl\/index.php?rest_route=%2Fwp%2Fv2%2Fmedia&parent=602"}],"wp:term":[{"taxonomy":"category","embeddable":true,"href":"http:\/\/www.iem.pw.edu.pl\/index.php?rest_route=%2Fwp%2Fv2%2Fcategories&post=602"},{"taxonomy":"post_tag","embeddable":true,"href":"http:\/\/www.iem.pw.edu.pl\/index.php?rest_route=%2Fwp%2Fv2%2Ftags&post=602"}],"curies":[{"name":"wp","href":"https:\/\/api.w.org\/{rel}","templated":true}]}}