{"id":591,"date":"2017-02-03T12:53:46","date_gmt":"2017-02-03T11:53:46","guid":{"rendered":"http:\/\/www.iem.pw.edu.pl\/?p=591"},"modified":"2017-02-03T12:54:20","modified_gmt":"2017-02-03T11:54:20","slug":"zmarl-prof-nzw-dr-hab-inz-jacek-czajewski-wieloletni-pracownik-oraz-dziekan-wydzialu-elektrycznego","status":"publish","type":"post","link":"http:\/\/www.iem.pw.edu.pl\/?p=591","title":{"rendered":"Zmar\u0142 Prof. nzw. dr hab. in\u017c. Jacek Czajewski &#8212; wieloletni pracownik oraz Dziekan Wydzia\u0142u Elektrycznego"},"content":{"rendered":"<p style=\"text-align: center;\">Z g\u0142\u0119bokim \u017calem zawiadamiamy, \u017ce 1 lutego 2017 roku, prze\u017cywszy 80 lat, zmar\u0142 nagle<\/p>\n<p style=\"text-align: center;\"><a href=\"http:\/\/zetiis.iem.pw.edu.pl\/wp-content\/uploads\/2017\/02\/jczajewski.jpg\"><img loading=\"lazy\" decoding=\"async\" title=\"Prof. Jacek Czajewski\" src=\"http:\/\/zetiis.iem.pw.edu.pl\/wp-content\/uploads\/2017\/02\/jczajewski-300x233.jpg\" alt=\"\" width=\"300\" height=\"233\" \/><\/a><\/p>\n<p style=\"text-align: center;\">\u015a \u2020 P<br \/>\nprof. nzw. dr hab. in\u017c. Jacek Czajewski<br \/>\nwieloletni pracownik, Profesor Politechniki Warszawskiej oraz Dziekan Wydzia\u0142u Elektrycznego,\u00a0 zas\u0142u\u017cony \u017ceglarz, Jachtowy Kapitan \u017beglugi Wielkiej, autor podr\u0119cznik\u00f3w \u017ceglarstwa, z kt\u00f3rych korzysta\u0142o wiele pokole\u0144.<\/p>\n<p>Nabo\u017ce\u0144stwo \u017ca\u0142obne zostanie odprawione 8 lutego 2017 roku o godz. 10.30 w parafii \u015bw.\u00a0 Dominika przy ul. Dominika\u0144skiej 2 w Warszawie, po czym nast\u0105pi odprowadzenie Zmar\u0142ego do grobu rodzinnego na Cmentarzu Br\u00f3dnowskim (kondukt wyruszy spod bramy od strony ul. Odrow\u0105\u017ca ok. godz. 12.15)<\/p>\n","protected":false},"excerpt":{"rendered":"<p>Z g\u0142\u0119bokim \u017calem zawiadamiamy, \u017ce 1 lutego 2017 roku, prze\u017cywszy 80 lat, zmar\u0142 nagle \u015a \u2020 P prof. nzw. dr hab. in\u017c. Jacek Czajewski wieloletni pracownik, Profesor Politechniki Warszawskiej oraz Dziekan Wydzia\u0142u Elektrycznego,\u00a0 zas\u0142u\u017cony \u017ceglarz, Jachtowy Kapitan \u017beglugi Wielkiej, autor podr\u0119cznik\u00f3w \u017ceglarstwa, z kt\u00f3rych korzysta\u0142o wiele pokole\u0144. Nabo\u017ce\u0144stwo \u017ca\u0142obne zostanie odprawione 8 lutego 2017 roku [&hellip;]<\/p>\n","protected":false},"author":6,"featured_media":0,"comment_status":"closed","ping_status":"closed","sticky":false,"template":"","format":"standard","meta":{"footnotes":""},"categories":[16],"tags":[],"class_list":["post-591","post","type-post","status-publish","format-standard","hentry","category-aktualnosci"],"_links":{"self":[{"href":"http:\/\/www.iem.pw.edu.pl\/index.php?rest_route=\/wp\/v2\/posts\/591","targetHints":{"allow":["GET"]}}],"collection":[{"href":"http:\/\/www.iem.pw.edu.pl\/index.php?rest_route=\/wp\/v2\/posts"}],"about":[{"href":"http:\/\/www.iem.pw.edu.pl\/index.php?rest_route=\/wp\/v2\/types\/post"}],"author":[{"embeddable":true,"href":"http:\/\/www.iem.pw.edu.pl\/index.php?rest_route=\/wp\/v2\/users\/6"}],"replies":[{"embeddable":true,"href":"http:\/\/www.iem.pw.edu.pl\/index.php?rest_route=%2Fwp%2Fv2%2Fcomments&post=591"}],"version-history":[{"count":1,"href":"http:\/\/www.iem.pw.edu.pl\/index.php?rest_route=\/wp\/v2\/posts\/591\/revisions"}],"predecessor-version":[{"id":592,"href":"http:\/\/www.iem.pw.edu.pl\/index.php?rest_route=\/wp\/v2\/posts\/591\/revisions\/592"}],"wp:attachment":[{"href":"http:\/\/www.iem.pw.edu.pl\/index.php?rest_route=%2Fwp%2Fv2%2Fmedia&parent=591"}],"wp:term":[{"taxonomy":"category","embeddable":true,"href":"http:\/\/www.iem.pw.edu.pl\/index.php?rest_route=%2Fwp%2Fv2%2Fcategories&post=591"},{"taxonomy":"post_tag","embeddable":true,"href":"http:\/\/www.iem.pw.edu.pl\/index.php?rest_route=%2Fwp%2Fv2%2Ftags&post=591"}],"curies":[{"name":"wp","href":"https:\/\/api.w.org\/{rel}","templated":true}]}}