{"id":727,"date":"2024-11-26T21:22:19","date_gmt":"2024-11-26T20:22:19","guid":{"rendered":"http:\/\/www.iem.pw.edu.pl\/?p=727"},"modified":"2024-11-26T22:55:16","modified_gmt":"2024-11-26T21:55:16","slug":"wizyta-przyszlych-adeptow-nauk-technicznych","status":"publish","type":"post","link":"http:\/\/www.iem.pw.edu.pl\/?p=727","title":{"rendered":"Wizyta przysz\u0142ych adept\u00f3w nauk technicznych"},"content":{"rendered":"\n<p>Wizyta uczni\u00f3w z Zespo\u0142u Szk\u00f3\u0142 Publicznych Nr 2 w Koby\u0142ce w Zak\u0142adzie Wysokich Napi\u0119\u0107 i Kompatybilno\u015bci Elektromagnetycznej odby\u0142a si\u0119&nbsp;20 listopada.Podczas wizyty dzieci mia\u0142y okazj\u0119 zapozna\u0107 si\u0119 z naszymi laboratoriami:<\/p>\n\n\n\n<ul class=\"wp-block-list\"><li>Hal\u0105 Wysokich Napi\u0119\u0107, gdzie zaprezentowano fascynuj\u0105ce do\u015bwiadczenia z zakresu wysokich napi\u0119\u0107 oraz w\u0142a\u015bciwo\u015bci izolacyjnych r\u00f3\u017cnych materia\u0142\u00f3w, co wzbudzi\u0142o ich du\u017ce zainteresowanie.<\/li><li>Laboratorium Kompatybilno\u015bci Elektromagnetycznej, gdzie przybli\u017cono uczniom znaczenie i praktyczne zastosowane kompatybilno\u015bci elektromagnetycznej w codziennym \u017cyciu. Ponadto dzieci mog\u0142y pozna\u0107 podstawowe elementy elektryczne oraz stanowiska laboratoryjne w laboratorium.<\/li><\/ul>\n\n\n\n<p>\u00a0W Auli Elektrotechniki uczniowie uczestniczyli w kr\u00f3tkiej prezentacji na temat studi\u00f3w jako formy nauki na przyk\u0142adzie Politechniki Warszawskiej oraz mo\u017cliwo\u015bci, jakie daje nauka. W ten spos\u00f3b chcieli\u015bmy nie tylko zainteresowa\u0107 dzieci \u015bwiatem elektrotechniki, ale tak\u017ce zainspirowa\u0107 ich do rozwijania pasji i d\u0105\u017cenia do zdobywania wiedzy. Opr\u00f3cz cz\u0119\u015bci laboratoryjnej uczniowie zwiedzili r\u00f3wnie\u017c kampus g\u0142\u00f3wny Politechniki Warszawskiej. W programie znalaz\u0142a si\u0119 wizyta w\u00a0Gmachu G\u0142\u00f3wnym, gdzie dzieci podziwia\u0142y imponuj\u0105c\u0105 architektur\u0119 budynku, a tak\u017ce dowiedzia\u0142y si\u0119 o jego historii i znaczeniu dla polskiej nauki.\u00a0Wra\u017cenia uczni\u00f3w by\u0142y bardzo pozytywne \u2013 z entuzjazmem komentowali przeprowadzone pokazy i wyra\u017cali podziw dla nowoczesnych technologii oraz unikalnego charakteru kampusu. Szczeg\u00f3lnie zachwyci\u0142y ich praktyczne do\u015bwiadczenia w laboratoriach oraz monumentalno\u015b\u0107 Gmachu G\u0142\u00f3wnego. Zrobiona przez dzieci laurka to pi\u0119kne podzi\u0119kowanie, kt\u00f3re pokazuje, jak inspiruj\u0105ca by\u0142a dla nich ta wizyta.W organizacj\u0119 zaanga\u017cowani byli: mgr in\u017c. Piotr Zych, dr in\u017c. Andrzej \u0141asica, dr in\u017c. Konrad Sobolewski i mgr in\u017c. Maciej Ciuba.<\/p>\n\n\n\n<div class=\"wp-block-image\"><figure class=\"aligncenter size-large is-resized\"><img loading=\"lazy\" decoding=\"async\" src=\"http:\/\/www.iem.pw.edu.pl\/wp-content\/uploads\/2024\/11\/laurka_poczatek.png\" alt=\"\" class=\"wp-image-734\" width=\"403\" height=\"577\" srcset=\"http:\/\/www.iem.pw.edu.pl\/wp-content\/uploads\/2024\/11\/laurka_poczatek.png 576w, http:\/\/www.iem.pw.edu.pl\/wp-content\/uploads\/2024\/11\/laurka_poczatek-210x300.png 210w\" sizes=\"auto, (max-width: 403px) 100vw, 403px\" \/><figcaption><em>str. 1<\/em><\/figcaption><\/figure><\/div>\n\n\n\n<div class=\"wp-block-image\"><figure class=\"aligncenter size-large is-resized\"><img loading=\"lazy\" decoding=\"async\" src=\"http:\/\/www.iem.pw.edu.pl\/wp-content\/uploads\/2024\/11\/laurka_srodek-1024x724.png\" alt=\"\" class=\"wp-image-736\" width=\"415\" height=\"293\" srcset=\"http:\/\/www.iem.pw.edu.pl\/wp-content\/uploads\/2024\/11\/laurka_srodek-1024x724.png 1024w, http:\/\/www.iem.pw.edu.pl\/wp-content\/uploads\/2024\/11\/laurka_srodek-300x212.png 300w, http:\/\/www.iem.pw.edu.pl\/wp-content\/uploads\/2024\/11\/laurka_srodek-768x543.png 768w, http:\/\/www.iem.pw.edu.pl\/wp-content\/uploads\/2024\/11\/laurka_srodek-624x441.png 624w, http:\/\/www.iem.pw.edu.pl\/wp-content\/uploads\/2024\/11\/laurka_srodek.png 1169w\" sizes=\"auto, (max-width: 415px) 100vw, 415px\" \/><figcaption><em>str. 2<\/em><\/figcaption><\/figure><\/div>\n\n\n\n<div class=\"wp-block-image\"><figure class=\"aligncenter size-large is-resized\"><img loading=\"lazy\" decoding=\"async\" src=\"http:\/\/www.iem.pw.edu.pl\/wp-content\/uploads\/2024\/11\/laurka_koniec.png\" alt=\"\" class=\"wp-image-735\" width=\"403\" height=\"282\" srcset=\"http:\/\/www.iem.pw.edu.pl\/wp-content\/uploads\/2024\/11\/laurka_koniec.png 824w, http:\/\/www.iem.pw.edu.pl\/wp-content\/uploads\/2024\/11\/laurka_koniec-300x210.png 300w, http:\/\/www.iem.pw.edu.pl\/wp-content\/uploads\/2024\/11\/laurka_koniec-768x537.png 768w, http:\/\/www.iem.pw.edu.pl\/wp-content\/uploads\/2024\/11\/laurka_koniec-624x436.png 624w\" sizes=\"auto, (max-width: 403px) 100vw, 403px\" \/><figcaption><em>str. 3<\/em><\/figcaption><\/figure><\/div>\n\n\n\n<p><\/p>\n","protected":false},"excerpt":{"rendered":"<p>Wizyta uczni\u00f3w z Zespo\u0142u Szk\u00f3\u0142 Publicznych Nr 2 w Koby\u0142ce w Zak\u0142adzie Wysokich Napi\u0119\u0107 i Kompatybilno\u015bci Elektromagnetycznej odby\u0142a si\u0119&nbsp;20 listopada.Podczas wizyty dzieci mia\u0142y okazj\u0119 zapozna\u0107 si\u0119 z naszymi laboratoriami: Hal\u0105 Wysokich Napi\u0119\u0107, gdzie zaprezentowano fascynuj\u0105ce do\u015bwiadczenia z zakresu wysokich napi\u0119\u0107 oraz w\u0142a\u015bciwo\u015bci izolacyjnych r\u00f3\u017cnych materia\u0142\u00f3w, co wzbudzi\u0142o ich du\u017ce zainteresowanie. Laboratorium Kompatybilno\u015bci Elektromagnetycznej, gdzie przybli\u017cono [&hellip;]<\/p>\n","protected":false},"author":4,"featured_media":0,"comment_status":"closed","ping_status":"closed","sticky":false,"template":"","format":"standard","meta":{"footnotes":""},"categories":[16],"tags":[],"class_list":["post-727","post","type-post","status-publish","format-standard","hentry","category-aktualnosci"],"_links":{"self":[{"href":"http:\/\/www.iem.pw.edu.pl\/index.php?rest_route=\/wp\/v2\/posts\/727","targetHints":{"allow":["GET"]}}],"collection":[{"href":"http:\/\/www.iem.pw.edu.pl\/index.php?rest_route=\/wp\/v2\/posts"}],"about":[{"href":"http:\/\/www.iem.pw.edu.pl\/index.php?rest_route=\/wp\/v2\/types\/post"}],"author":[{"embeddable":true,"href":"http:\/\/www.iem.pw.edu.pl\/index.php?rest_route=\/wp\/v2\/users\/4"}],"replies":[{"embeddable":true,"href":"http:\/\/www.iem.pw.edu.pl\/index.php?rest_route=%2Fwp%2Fv2%2Fcomments&post=727"}],"version-history":[{"count":6,"href":"http:\/\/www.iem.pw.edu.pl\/index.php?rest_route=\/wp\/v2\/posts\/727\/revisions"}],"predecessor-version":[{"id":738,"href":"http:\/\/www.iem.pw.edu.pl\/index.php?rest_route=\/wp\/v2\/posts\/727\/revisions\/738"}],"wp:attachment":[{"href":"http:\/\/www.iem.pw.edu.pl\/index.php?rest_route=%2Fwp%2Fv2%2Fmedia&parent=727"}],"wp:term":[{"taxonomy":"category","embeddable":true,"href":"http:\/\/www.iem.pw.edu.pl\/index.php?rest_route=%2Fwp%2Fv2%2Fcategories&post=727"},{"taxonomy":"post_tag","embeddable":true,"href":"http:\/\/www.iem.pw.edu.pl\/index.php?rest_route=%2Fwp%2Fv2%2Ftags&post=727"}],"curies":[{"name":"wp","href":"https:\/\/api.w.org\/{rel}","templated":true}]}}