{"id":709,"date":"2023-07-17T13:42:40","date_gmt":"2023-07-17T12:42:40","guid":{"rendered":"http:\/\/www.iem.pw.edu.pl\/?p=709"},"modified":"2023-07-20T12:15:20","modified_gmt":"2023-07-20T11:15:20","slug":"zmarl-profesor-stanislaw-bolkowski","status":"publish","type":"post","link":"http:\/\/www.iem.pw.edu.pl\/?p=709","title":{"rendered":"Zmar\u0142 Profesor Stanis\u0142aw Bolkowski"},"content":{"rendered":"\n<div class=\"wp-block-image\"><figure class=\"alignright\"><img decoding=\"async\" src=\"https:\/\/www.ee.pw.edu.pl\/wp-content\/uploads\/2023\/07\/Pozegnanie_prof-Stanislaw-Bolkowski-300x300.png\" alt=\"\" class=\"wp-image-13666\"\/><\/figure><\/div>\n\n\n\n<p><strong>Z ogromnym \u017calem zawiadamiamy, \u017ce 14 lipca 2023 roku zmar\u0142 prof. dr in\u017c. Stanis\u0142aw Bolkowski, emerytowany profesor Politechniki Warszawskiej, zwi\u0105zany z uczelni\u0105 od 1950 roku, wieloletni Dziekan Wydzia\u0142u Elektrycznego oraz Prorektor Politechniki Warszawskiej. Mia\u0142 92 lata.<\/strong><\/p>\n\n\n\n<p>By\u0142 cenionym naukowcem i autorem wielu podr\u0119cznik\u00f3w oraz prac naukowych z zakresu teorii obwod\u00f3w elektrycznych i teorii pola elektromagnetycznego, cz\u0142onkiem Polskiej Akademii Nauk, dzia\u0142aczem Stowarzyszenia Elektryk\u00f3w Polskich i jego wieloletnim Prezesem. Nauczyciel akademicki Wydzia\u0142u Elektrycznego Politechniki Warszawskiej oraz Katedry Elektrotechniki Teoretycznej i Metrologii Politechniki Bia\u0142ostockiej, wychowawca wielu pokole\u0144 elektryk\u00f3w, doktor honoris causa Politechniki \u015al\u0105skiej, odznaczony Z\u0142otym Krzy\u017cem Zas\u0142ugi, Krzy\u017cem Kawalerskim Orderu Odrodzenia Polski, Krzy\u017cem Oficerskim Orderu Odrodzenia Polski, Medalem Komisji Edukacji Narodowej.<\/p>\n\n\n\n<p>Na d\u0142ugo pozostanie w pami\u0119ci spo\u0142eczno\u015bci Wydzia\u0142u Elektrycznego.<\/p>\n\n\n\n<p><strong>Pogrzeb Profesora odb\u0119dzie si\u0119 w dniu 25.07.2023 r. o godzinie 14:30 na Cmentarzu Komunalnym Po\u0142udniowym w Antoninowie<\/strong>.<br>                                   <strong>(<\/strong>Google maps: https:\/\/goo.gl\/maps\/pK4CYDSyHK28dwSs7)<\/p>\n\n\n\n<div class=\"wp-block-image\"><figure class=\"aligncenter size-large is-resized\"><a href=\"http:\/\/www.iem.pw.edu.pl\/wp-content\/uploads\/2023\/07\/obraz.png\"><img decoding=\"async\" src=\"http:\/\/www.iem.pw.edu.pl\/wp-content\/uploads\/2023\/07\/obraz.png\" alt=\"\" class=\"wp-image-715\" width=\"200\" srcset=\"http:\/\/www.iem.pw.edu.pl\/wp-content\/uploads\/2023\/07\/obraz.png 420w, http:\/\/www.iem.pw.edu.pl\/wp-content\/uploads\/2023\/07\/obraz-300x298.png 300w, http:\/\/www.iem.pw.edu.pl\/wp-content\/uploads\/2023\/07\/obraz-150x150.png 150w\" sizes=\"(max-width: 420px) 100vw, 420px\" \/><\/a><\/figure><\/div>\n\n\n\n<p><\/p>\n\n\n\n<p><strong>Autokar na cmentarz po\u0142udniowy odjedzie  w dniu 25.07.2023 o godz. 13.30 na parkingu &#8222;BIS&#8221; PW (pomi\u0119dzy WEiTI a dawn\u0105 Sto\u0142\u00f3wk\u0105 Centraln\u0105).<\/strong><\/p>\n\n\n\n<p><strong>Powr\u00f3t pod Gmach G\u0142\u00f3wny z cmentarza o godz. 16.30<\/strong><\/p>\n","protected":false},"excerpt":{"rendered":"<p>Z ogromnym \u017calem zawiadamiamy, \u017ce 14 lipca 2023 roku zmar\u0142 prof. dr in\u017c. Stanis\u0142aw Bolkowski, emerytowany profesor Politechniki Warszawskiej, zwi\u0105zany z uczelni\u0105 od 1950 roku, wieloletni Dziekan Wydzia\u0142u Elektrycznego oraz Prorektor Politechniki Warszawskiej. Mia\u0142 92 lata. By\u0142 cenionym naukowcem i autorem wielu podr\u0119cznik\u00f3w oraz prac naukowych z zakresu teorii obwod\u00f3w elektrycznych i teorii pola elektromagnetycznego, [&hellip;]<\/p>\n","protected":false},"author":1,"featured_media":0,"comment_status":"closed","ping_status":"closed","sticky":false,"template":"","format":"standard","meta":{"footnotes":""},"categories":[1],"tags":[],"class_list":["post-709","post","type-post","status-publish","format-standard","hentry","category-ogolne"],"_links":{"self":[{"href":"http:\/\/www.iem.pw.edu.pl\/index.php?rest_route=\/wp\/v2\/posts\/709","targetHints":{"allow":["GET"]}}],"collection":[{"href":"http:\/\/www.iem.pw.edu.pl\/index.php?rest_route=\/wp\/v2\/posts"}],"about":[{"href":"http:\/\/www.iem.pw.edu.pl\/index.php?rest_route=\/wp\/v2\/types\/post"}],"author":[{"embeddable":true,"href":"http:\/\/www.iem.pw.edu.pl\/index.php?rest_route=\/wp\/v2\/users\/1"}],"replies":[{"embeddable":true,"href":"http:\/\/www.iem.pw.edu.pl\/index.php?rest_route=%2Fwp%2Fv2%2Fcomments&post=709"}],"version-history":[{"count":8,"href":"http:\/\/www.iem.pw.edu.pl\/index.php?rest_route=\/wp\/v2\/posts\/709\/revisions"}],"predecessor-version":[{"id":722,"href":"http:\/\/www.iem.pw.edu.pl\/index.php?rest_route=\/wp\/v2\/posts\/709\/revisions\/722"}],"wp:attachment":[{"href":"http:\/\/www.iem.pw.edu.pl\/index.php?rest_route=%2Fwp%2Fv2%2Fmedia&parent=709"}],"wp:term":[{"taxonomy":"category","embeddable":true,"href":"http:\/\/www.iem.pw.edu.pl\/index.php?rest_route=%2Fwp%2Fv2%2Fcategories&post=709"},{"taxonomy":"post_tag","embeddable":true,"href":"http:\/\/www.iem.pw.edu.pl\/index.php?rest_route=%2Fwp%2Fv2%2Ftags&post=709"}],"curies":[{"name":"wp","href":"https:\/\/api.w.org\/{rel}","templated":true}]}}