{"id":544,"date":"2016-11-22T09:33:44","date_gmt":"2016-11-22T08:33:44","guid":{"rendered":"http:\/\/www.iem.pw.edu.pl\/?p=544"},"modified":"2016-11-22T09:45:18","modified_gmt":"2016-11-22T08:45:18","slug":"seminarium-nt-wybitnych-elektrykow-polskich","status":"publish","type":"post","link":"http:\/\/www.iem.pw.edu.pl\/?p=544","title":{"rendered":"Seminarium nt. &#8222;Wybitnych Elektryk\u00f3w Polskich&#8221;"},"content":{"rendered":"<p>Szanowni KOLEDZY,<\/p>\n<p>Kolejne seminarium SAiP OW SEP nt. &#8222;Wybitnych Elektryk\u00f3w Polskich&#8221; odb\u0119dzie si\u0119 7 grudnia (\u015broda) w godz. 16:30-19:30, w salach S4 i S4 SK PW. Folder z programem jest w <a href=\"http:\/\/www.iem.pw.edu.pl\/wp-content\/uploads\/2016\/11\/folder-saip-7xii2016_int.pdf\">za\u0142\u0105czeniu<\/a>.<\/p>\n<p>B\u0119dziemy wspomina\u0107 Profesor\u00f3w: Boles\u0142awa Dubickiego i Antoniego Kili\u0144skiego. Pierwszy by\u0142 cz\u0142onkiem PAN, dyrektorem Insttyturu Maszyn Elektrycznych naszego Wydzia\u0142u, a drugi &#8211; rektorem PW, dziekanem Wydzia\u0142u \u0141\u0105cznosci oraz organizatorem informatyki na tym Wydziale (1960). W jego Zak\u0142adzie na PW skonstuowano pierwsze udane komputery produkowane seryjnie w Elwro (UMC-1 i UMC-10). Obaj byli swietnymi organizatorami.<\/p>\n<p>Przy okazji &#8211; jak zwykle &#8211; pos\u0142uchamy referat\u00f3w technicznych dotycz\u0105cych najnowszych problem\u00f3w elektryki i techniki, prezentowanych przez wybitnych fachowc\u00f3w.<\/p>\n<p>Wszystkich serdecznie zapraszamy!<br \/>\nJe\u015bli kto\u015b z Waszych koleg\u00f3w lub znajomych interesuje si\u0119 tak\u0105 tematyk\u0105, to mo\u017cecie go zaprosi\u0107 w imieniu organizator\u00f3w.<\/p>\n<p>Z kole\u017ce\u0144skim pozdrowieniem,<br \/>\nAndrzej Marusak<br \/>\n&#8212;&#8212;&#8212;&#8212;&#8212;&#8212;&#8212;-<br \/>\nprzewodniczacy SAiP OW<\/p>\n","protected":false},"excerpt":{"rendered":"<p>Szanowni KOLEDZY, Kolejne seminarium SAiP OW SEP nt. &#8222;Wybitnych Elektryk\u00f3w Polskich&#8221; odb\u0119dzie si\u0119 7 grudnia (\u015broda) w godz. 16:30-19:30, w salach S4 i S4 SK PW. Folder z programem jest w za\u0142\u0105czeniu. B\u0119dziemy wspomina\u0107 Profesor\u00f3w: Boles\u0142awa Dubickiego i Antoniego Kili\u0144skiego. Pierwszy by\u0142 cz\u0142onkiem PAN, dyrektorem Insttyturu Maszyn Elektrycznych naszego Wydzia\u0142u, a drugi &#8211; rektorem PW, [&hellip;]<\/p>\n","protected":false},"author":4,"featured_media":0,"comment_status":"closed","ping_status":"closed","sticky":false,"template":"","format":"standard","meta":{"footnotes":""},"categories":[16],"tags":[],"class_list":["post-544","post","type-post","status-publish","format-standard","hentry","category-aktualnosci"],"_links":{"self":[{"href":"http:\/\/www.iem.pw.edu.pl\/index.php?rest_route=\/wp\/v2\/posts\/544","targetHints":{"allow":["GET"]}}],"collection":[{"href":"http:\/\/www.iem.pw.edu.pl\/index.php?rest_route=\/wp\/v2\/posts"}],"about":[{"href":"http:\/\/www.iem.pw.edu.pl\/index.php?rest_route=\/wp\/v2\/types\/post"}],"author":[{"embeddable":true,"href":"http:\/\/www.iem.pw.edu.pl\/index.php?rest_route=\/wp\/v2\/users\/4"}],"replies":[{"embeddable":true,"href":"http:\/\/www.iem.pw.edu.pl\/index.php?rest_route=%2Fwp%2Fv2%2Fcomments&post=544"}],"version-history":[{"count":9,"href":"http:\/\/www.iem.pw.edu.pl\/index.php?rest_route=\/wp\/v2\/posts\/544\/revisions"}],"predecessor-version":[{"id":550,"href":"http:\/\/www.iem.pw.edu.pl\/index.php?rest_route=\/wp\/v2\/posts\/544\/revisions\/550"}],"wp:attachment":[{"href":"http:\/\/www.iem.pw.edu.pl\/index.php?rest_route=%2Fwp%2Fv2%2Fmedia&parent=544"}],"wp:term":[{"taxonomy":"category","embeddable":true,"href":"http:\/\/www.iem.pw.edu.pl\/index.php?rest_route=%2Fwp%2Fv2%2Fcategories&post=544"},{"taxonomy":"post_tag","embeddable":true,"href":"http:\/\/www.iem.pw.edu.pl\/index.php?rest_route=%2Fwp%2Fv2%2Ftags&post=544"}],"curies":[{"name":"wp","href":"https:\/\/api.w.org\/{rel}","templated":true}]}}