{"id":483,"date":"2016-02-22T15:22:23","date_gmt":"2016-02-22T14:22:23","guid":{"rendered":"http:\/\/www.iem.pw.edu.pl\/?p=483"},"modified":"2016-02-22T15:25:01","modified_gmt":"2016-02-22T14:25:01","slug":"nowa-specjalnosc-informatyka-w-inzynierii-biomedycznej","status":"publish","type":"post","link":"http:\/\/www.iem.pw.edu.pl\/?p=483","title":{"rendered":"Informatyka w In\u017cynierii Biomedycznej &#8211; nowa specjalno\u015b\u0107"},"content":{"rendered":"<p style=\"text-align: justify;\"><a href=\"http:\/\/www.iem.pw.edu.pl\/wp-content\/uploads\/2016\/02\/plakat_v1-2-bio-inz.png\"><img loading=\"lazy\" decoding=\"async\" class=\" size-medium wp-image-482 alignleft\" src=\"http:\/\/www.iem.pw.edu.pl\/wp-content\/uploads\/2016\/02\/plakat_v1-2-bio-inz-225x300.png\" alt=\"plakat_v1-2-bio-inz\" width=\"225\" height=\"300\" srcset=\"http:\/\/www.iem.pw.edu.pl\/wp-content\/uploads\/2016\/02\/plakat_v1-2-bio-inz-225x300.png 225w, http:\/\/www.iem.pw.edu.pl\/wp-content\/uploads\/2016\/02\/plakat_v1-2-bio-inz.png 320w\" sizes=\"auto, (max-width: 225px) 100vw, 225px\" \/><\/a>Szanowni Studenci. Od semestru letniego roku ak. 2015\/2016 uruchamiamy now\u0105, bardzo ciekaw\u0105, specjalno\u015b\u0107 na studiach stacjonarnych II stopnia na kierunku informatyka: <strong>Informatyka w In\u017cynierii Biomedyczn<\/strong><strong>ej<\/strong>. Wi\u0119cej informacji mo\u017cna uzyska\u0107 w sekretariacie\u00a0Instytutu Elektrotechniki Teoretycznej i System\u00f3w Informacyjno-Pomiarowych.<\/p>\n<p>&nbsp;<\/p>\n","protected":false},"excerpt":{"rendered":"<p>Szanowni Studenci. Od semestru letniego roku ak. 2015\/2016 uruchamiamy now\u0105, bardzo ciekaw\u0105, specjalno\u015b\u0107 na studiach stacjonarnych II stopnia na kierunku informatyka: Informatyka w In\u017cynierii Biomedycznej. Wi\u0119cej informacji mo\u017cna uzyska\u0107 w sekretariacie\u00a0Instytutu Elektrotechniki Teoretycznej i System\u00f3w Informacyjno-Pomiarowych. &nbsp;<\/p>\n","protected":false},"author":4,"featured_media":0,"comment_status":"closed","ping_status":"closed","sticky":false,"template":"","format":"standard","meta":{"footnotes":""},"categories":[16],"tags":[],"class_list":["post-483","post","type-post","status-publish","format-standard","hentry","category-aktualnosci"],"_links":{"self":[{"href":"http:\/\/www.iem.pw.edu.pl\/index.php?rest_route=\/wp\/v2\/posts\/483","targetHints":{"allow":["GET"]}}],"collection":[{"href":"http:\/\/www.iem.pw.edu.pl\/index.php?rest_route=\/wp\/v2\/posts"}],"about":[{"href":"http:\/\/www.iem.pw.edu.pl\/index.php?rest_route=\/wp\/v2\/types\/post"}],"author":[{"embeddable":true,"href":"http:\/\/www.iem.pw.edu.pl\/index.php?rest_route=\/wp\/v2\/users\/4"}],"replies":[{"embeddable":true,"href":"http:\/\/www.iem.pw.edu.pl\/index.php?rest_route=%2Fwp%2Fv2%2Fcomments&post=483"}],"version-history":[{"count":3,"href":"http:\/\/www.iem.pw.edu.pl\/index.php?rest_route=\/wp\/v2\/posts\/483\/revisions"}],"predecessor-version":[{"id":486,"href":"http:\/\/www.iem.pw.edu.pl\/index.php?rest_route=\/wp\/v2\/posts\/483\/revisions\/486"}],"wp:attachment":[{"href":"http:\/\/www.iem.pw.edu.pl\/index.php?rest_route=%2Fwp%2Fv2%2Fmedia&parent=483"}],"wp:term":[{"taxonomy":"category","embeddable":true,"href":"http:\/\/www.iem.pw.edu.pl\/index.php?rest_route=%2Fwp%2Fv2%2Fcategories&post=483"},{"taxonomy":"post_tag","embeddable":true,"href":"http:\/\/www.iem.pw.edu.pl\/index.php?rest_route=%2Fwp%2Fv2%2Ftags&post=483"}],"curies":[{"name":"wp","href":"https:\/\/api.w.org\/{rel}","templated":true}]}}