{"id":85,"date":"2018-03-30T07:52:53","date_gmt":"2018-03-30T05:52:53","guid":{"rendered":"http:\/\/zwnike.iem.pw.edu.pl\/pie\/?p=85"},"modified":"2018-03-30T08:00:47","modified_gmt":"2018-03-30T06:00:47","slug":"targi-amper","status":"publish","type":"post","link":"http:\/\/www.iem.pw.edu.pl\/pie\/?p=85","title":{"rendered":"Targi AMPER"},"content":{"rendered":"<h3>Targi AMPER<\/h3>\n<p style=\"text-align: justify;\">W dniach 20-23.03.2018 r. odby\u0142y si\u0119 w Brnie du\u017ce, mi\u0119dzynarodowe targi elektrotechniczne AMPER. W tym roku uda\u0142o si\u0119 zorganizowa\u0107 wyjazd i osobi\u015bcie zobaczy\u0107 trendy \u015bwiatowej elektrotechniki. W trzech du\u017cych halach wystawowych o \u0142\u0105cznej powierzchni 13900 mkw prezentowa\u0142o si\u0119 590 wystawc\u00f3w z 29 kraj\u00f3w (181 spoza granic Czech). Dwie z tych hal po\u015bwi\u0119cone zosta\u0142y szeroko poj\u0119tej elektrotechnice, elektroenergetyce, kablom, systemom zabezpiecze\u0144 i o\u015bwietleniu, za\u015b w trzeciej urz\u0105dzono wystaw\u0119 na temat elektromobilno\u015bci. W hali tej prezentowa\u0142y si\u0119 firmy motoryzacyjne, zar\u00f3wno te bardzo du\u017ce i znane, jak i lokalne o mniejszej s\u0142awie. Spor\u0105 cz\u0119\u015b\u0107 wystawy zaj\u0119\u0142y tak\u017ce firmy prezentuj\u0105ce szybkie \u0142adowarki dla pojazd\u00f3w elektrycznych. Og\u00f3\u0142em targi odwiedzi\u0142o ponad 43 tysi\u0105ce os\u00f3b. W por\u00f3wnaniu do poprzednich lat ilo\u015b\u0107 wystawc\u00f3w i zwiedzaj\u0105cych nie uleg\u0142a znacz\u0105cej zmianie. Bior\u0105c pod uwag\u0119 dobry dojazd z Polski (w moim przypadku z Warszawy &#8211; poci\u0105g \/ samoch\u00f3d), bezp\u0142atny parking, mo\u017cliwo\u015b\u0107 uzyskania bezp\u0142atnej wej\u015bci\u00f3wki (koszt biletu oko\u0142o 30 z\u0142) i do\u015b\u0107 dobr\u0105 organizacj\u0119 na miejscu warto by\u0142o je zwiedzi\u0107. Pewnym minusem by\u0142o to, \u017ce wi\u0119kszo\u015b\u0107 materia\u0142\u00f3w jest opracowana w j\u0119zyku czeskim, a du\u017ca cz\u0119\u015b\u0107 wystawc\u00f3w na \u015brednim poziomie pos\u0142uguje si\u0119 innym j\u0119zykiem. Przy odrobinie ch\u0119ci i wyobra\u017ani nie stanowi\u0142o to jednak problemu nie do przeskoczenia. Dla zainteresowanych link do strony targ\u00f3w: <a href=\"http:\/\/www.amper.cz\/en.html\" target=\"_blank\" rel=\"noopener\">http:\/\/www.amper.cz\/en.html<\/a> .<\/p>\n<p>&nbsp;<\/p>\n<div id='gallery-1' class='gallery galleryid-85 gallery-columns-4 gallery-size-thumbnail'><figure class='gallery-item'>\n\t\t\t<div class='gallery-icon landscape'>\n\t\t\t\t<a href='http:\/\/www.iem.pw.edu.pl\/pie\/wp-content\/uploads\/2018\/03\/IMG_0917.jpg'><img loading=\"lazy\" decoding=\"async\" width=\"150\" height=\"150\" src=\"http:\/\/www.iem.pw.edu.pl\/pie\/wp-content\/uploads\/2018\/03\/IMG_0917-150x150.jpg\" class=\"attachment-thumbnail size-thumbnail\" alt=\"\" \/><\/a>\n\t\t\t<\/div><\/figure><figure class='gallery-item'>\n\t\t\t<div class='gallery-icon landscape'>\n\t\t\t\t<a href='http:\/\/www.iem.pw.edu.pl\/pie\/wp-content\/uploads\/2018\/03\/IMG_0920.jpg'><img loading=\"lazy\" decoding=\"async\" width=\"150\" height=\"150\" src=\"http:\/\/www.iem.pw.edu.pl\/pie\/wp-content\/uploads\/2018\/03\/IMG_0920-150x150.jpg\" class=\"attachment-thumbnail size-thumbnail\" alt=\"\" \/><\/a>\n\t\t\t<\/div><\/figure><figure class='gallery-item'>\n\t\t\t<div class='gallery-icon landscape'>\n\t\t\t\t<a href='http:\/\/www.iem.pw.edu.pl\/pie\/wp-content\/uploads\/2018\/03\/IMG_0922.jpg'><img loading=\"lazy\" decoding=\"async\" width=\"150\" height=\"150\" src=\"http:\/\/www.iem.pw.edu.pl\/pie\/wp-content\/uploads\/2018\/03\/IMG_0922-150x150.jpg\" class=\"attachment-thumbnail size-thumbnail\" alt=\"\" \/><\/a>\n\t\t\t<\/div><\/figure><figure class='gallery-item'>\n\t\t\t<div class='gallery-icon landscape'>\n\t\t\t\t<a href='http:\/\/www.iem.pw.edu.pl\/pie\/wp-content\/uploads\/2018\/03\/IMG_0925.jpg'><img loading=\"lazy\" decoding=\"async\" width=\"150\" height=\"150\" src=\"http:\/\/www.iem.pw.edu.pl\/pie\/wp-content\/uploads\/2018\/03\/IMG_0925-150x150.jpg\" class=\"attachment-thumbnail size-thumbnail\" alt=\"\" \/><\/a>\n\t\t\t<\/div><\/figure><figure class='gallery-item'>\n\t\t\t<div class='gallery-icon landscape'>\n\t\t\t\t<a href='http:\/\/www.iem.pw.edu.pl\/pie\/wp-content\/uploads\/2018\/03\/IMG_0927.jpg'><img loading=\"lazy\" decoding=\"async\" width=\"150\" height=\"150\" src=\"http:\/\/www.iem.pw.edu.pl\/pie\/wp-content\/uploads\/2018\/03\/IMG_0927-150x150.jpg\" class=\"attachment-thumbnail size-thumbnail\" alt=\"\" \/><\/a>\n\t\t\t<\/div><\/figure><figure class='gallery-item'>\n\t\t\t<div class='gallery-icon landscape'>\n\t\t\t\t<a href='http:\/\/www.iem.pw.edu.pl\/pie\/wp-content\/uploads\/2018\/03\/IMG_0928.jpg'><img loading=\"lazy\" decoding=\"async\" width=\"150\" height=\"150\" src=\"http:\/\/www.iem.pw.edu.pl\/pie\/wp-content\/uploads\/2018\/03\/IMG_0928-150x150.jpg\" class=\"attachment-thumbnail size-thumbnail\" alt=\"\" \/><\/a>\n\t\t\t<\/div><\/figure><figure class='gallery-item'>\n\t\t\t<div class='gallery-icon landscape'>\n\t\t\t\t<a href='http:\/\/www.iem.pw.edu.pl\/pie\/wp-content\/uploads\/2018\/03\/IMG_0929.jpg'><img loading=\"lazy\" decoding=\"async\" width=\"150\" height=\"150\" src=\"http:\/\/www.iem.pw.edu.pl\/pie\/wp-content\/uploads\/2018\/03\/IMG_0929-150x150.jpg\" class=\"attachment-thumbnail size-thumbnail\" alt=\"\" \/><\/a>\n\t\t\t<\/div><\/figure><figure class='gallery-item'>\n\t\t\t<div class='gallery-icon landscape'>\n\t\t\t\t<a href='http:\/\/www.iem.pw.edu.pl\/pie\/wp-content\/uploads\/2018\/03\/IMG_0931.jpg'><img loading=\"lazy\" decoding=\"async\" width=\"150\" height=\"150\" src=\"http:\/\/www.iem.pw.edu.pl\/pie\/wp-content\/uploads\/2018\/03\/IMG_0931-150x150.jpg\" class=\"attachment-thumbnail size-thumbnail\" alt=\"\" \/><\/a>\n\t\t\t<\/div><\/figure>\n\t\t<\/div>\n\n<p>&nbsp;<\/p>\n","protected":false},"excerpt":{"rendered":"<p>Targi AMPER W dniach 20-23.03.2018 r. odby\u0142y si\u0119 w Brnie du\u017ce, mi\u0119dzynarodowe targi elektrotechniczne AMPER. W tym roku uda\u0142o si\u0119 zorganizowa\u0107 wyjazd i osobi\u015bcie zobaczy\u0107 trendy \u015bwiatowej elektrotechniki. W trzech du\u017cych halach wystawowych o \u0142\u0105cznej powierzchni 13900 mkw prezentowa\u0142o si\u0119&hellip;&nbsp;<a href=\"http:\/\/www.iem.pw.edu.pl\/pie\/?p=85\" class=\"more-link\">Read More<\/a><\/p>\n","protected":false},"author":1,"featured_media":0,"comment_status":"closed","ping_status":"closed","sticky":false,"template":"","format":"standard","meta":{"footnotes":""},"categories":[5],"tags":[],"class_list":["post-85","post","type-post","status-publish","format-standard","hentry","category-aktualnosci"],"_links":{"self":[{"href":"http:\/\/www.iem.pw.edu.pl\/pie\/index.php?rest_route=\/wp\/v2\/posts\/85","targetHints":{"allow":["GET"]}}],"collection":[{"href":"http:\/\/www.iem.pw.edu.pl\/pie\/index.php?rest_route=\/wp\/v2\/posts"}],"about":[{"href":"http:\/\/www.iem.pw.edu.pl\/pie\/index.php?rest_route=\/wp\/v2\/types\/post"}],"author":[{"embeddable":true,"href":"http:\/\/www.iem.pw.edu.pl\/pie\/index.php?rest_route=\/wp\/v2\/users\/1"}],"replies":[{"embeddable":true,"href":"http:\/\/www.iem.pw.edu.pl\/pie\/index.php?rest_route=%2Fwp%2Fv2%2Fcomments&post=85"}],"version-history":[{"count":9,"href":"http:\/\/www.iem.pw.edu.pl\/pie\/index.php?rest_route=\/wp\/v2\/posts\/85\/revisions"}],"predecessor-version":[{"id":103,"href":"http:\/\/www.iem.pw.edu.pl\/pie\/index.php?rest_route=\/wp\/v2\/posts\/85\/revisions\/103"}],"wp:attachment":[{"href":"http:\/\/www.iem.pw.edu.pl\/pie\/index.php?rest_route=%2Fwp%2Fv2%2Fmedia&parent=85"}],"wp:term":[{"taxonomy":"category","embeddable":true,"href":"http:\/\/www.iem.pw.edu.pl\/pie\/index.php?rest_route=%2Fwp%2Fv2%2Fcategories&post=85"},{"taxonomy":"post_tag","embeddable":true,"href":"http:\/\/www.iem.pw.edu.pl\/pie\/index.php?rest_route=%2Fwp%2Fv2%2Ftags&post=85"}],"curies":[{"name":"wp","href":"https:\/\/api.w.org\/{rel}","templated":true}]}}